{"id":55072,"date":"2024-06-05T16:02:05","date_gmt":"2024-06-05T14:02:05","guid":{"rendered":"https:\/\/www.partage.ch\/?p=55072"},"modified":"2024-07-12T16:54:48","modified_gmt":"2024-07-12T14:54:48","slug":"geneve-vaud-et-fribourg-unissent-leurs-forces-pour-la-premiere-fois-pour-la-plus-grandecollecte-alimentaire-de-suisse-romande-et-recoltent-269-tonnes-de-produits-de-premierenecessite","status":"publish","type":"post","link":"https:\/\/www.partage.ch\/fr\/actualites\/geneve-vaud-et-fribourg-unissent-leurs-forces-pour-la-premiere-fois-pour-la-plus-grandecollecte-alimentaire-de-suisse-romande-et-recoltent-269-tonnes-de-produits-de-premierenecessite\/","title":{"rendered":"Gen\u00e8ve, Vaud et Fribourg unissent leurs forces pour la premi\u00e8re fois pour la plus grande collecte alimentaire de Suisse romande et r\u00e9coltent 269 tonnes de produits de premi\u00e8re n\u00e9cessit\u00e9"},"content":{"rendered":"\t\t<div data-elementor-type=\"wp-post\" data-elementor-id=\"55072\" class=\"elementor elementor-55072\" data-elementor-post-type=\"post\">\n\t\t\t\t\t\t<section class=\"elementor-section elementor-top-section elementor-element elementor-element-69401b5 elementor-section-boxed elementor-section-height-default elementor-section-height-default\" data-id=\"69401b5\" data-element_type=\"section\" data-e-type=\"section\">\n\t\t\t\t\t\t<div class=\"elementor-container elementor-column-gap-default\">\n\t\t\t\t\t<div class=\"elementor-column elementor-col-100 elementor-top-column elementor-element elementor-element-6bae8ee\" data-id=\"6bae8ee\" data-element_type=\"column\" data-e-type=\"column\">\n\t\t\t<div class=\"elementor-widget-wrap elementor-element-populated\">\n\t\t\t\t\t\t<div class=\"elementor-element elementor-element-cc757ba elementor-widget elementor-widget-text-editor\" data-id=\"cc757ba\" data-element_type=\"widget\" data-e-type=\"widget\" data-widget_type=\"text-editor.default\">\n\t\t\t\t<div class=\"elementor-widget-container\">\n\t\t\t\t\t\t\t\t\t<p><em>Gen\u00e8ve, Lausanne, Fribourg, le 5 juin 2024<\/em> \u2013 Dans un \u00e9lan de solidarit\u00e9 sans pr\u00e9c\u00e9dent, les trois cantons romands ont r\u00e9pondu massivement \u00e0 l\u2019appel lors de l\u2019op\u00e9ration Samedi du partage. Cette mobilisation remarquable a permis de collecter une quantit\u00e9 impressionnante de 269 tonnes de denr\u00e9es alimentaires et de produits d\u2019hygi\u00e8ne, destin\u00e9s \u00e0 soutenir la population dans le besoin.<\/p><p>Face \u00e0 une conjoncture \u00e9conomique pr\u00e9occupante marqu\u00e9e par les r\u00e9percussions des crises et la flamb\u00e9e des prix, de nombreuses familles se trouvent aujourd\u2019hui en situation de pr\u00e9carit\u00e9, avec des difficult\u00e9s pour subvenir \u00e0 leurs besoins les plus \u00e9l\u00e9mentaires. Dans ce contexte, l\u2019approvisionnement des banques alimentaires et des associations d\u2019aide alimentaire est devenu un v\u00e9ritable d\u00e9fi. Cependant, gr\u00e2ce \u00e0 la mobilisation sans faille des participantes et participants \u00e0 l\u2019op\u00e9ration, un vent de soutien se fait sentir.<\/p><p>La population romande a r\u00e9pondu en masse \u00e0 l\u2019appel de solidarit\u00e9 en faveur des plus d\u00e9muni-e-s de leurs r\u00e9gions respectives. Pour sa premi\u00e8re \u00e9dition, Fribourg a vu la r\u00e9colte de 27 tonnes, le canton de Vaud a r\u00e9colt\u00e9 67 tonnes de provisions, tandis que le canton de Gen\u00e8ve a \u00e9t\u00e9 le th\u00e9\u00e2tre d\u2019une impressionnante r\u00e9colte de pr\u00e8s de 175 tonnes. Ces chiffres t\u00e9moignent d\u2019une augmentation de 36,7% pour Vaud et 4,1% pour Gen\u00e8ve par rapport \u00e0 l\u2019\u00e9dition de juin 2023. Nous exprimons notre profonde reconnaissance aux donatrices et donateurs qui ont particip\u00e9 au Samedi du partage.<\/p><p>C\u2019est avec une immense gratitude que nous saluons les efforts inlassables des plus de 1870 b\u00e9n\u00e9voles au total, dont plus de 1&#8217;100 pour Gen\u00e8ve, 592 pour Vaud et 180 pour Fribourg qui ont donn\u00e9 de leur temps pr\u00e9cieux lors de cette action solidaire. Leur engagement ind\u00e9fectible a \u00e9t\u00e9 le moteur de cette r\u00e9ussite. Nous tenons \u00e9galement \u00e0 remercier chaleureusement les enseignes et leurs \u00e9quipes qui ont orchestr\u00e9 avec brio la logistique de l\u2019\u00e9v\u00e9nement et ont ouvert leurs portes aux b\u00e9n\u00e9voles durant ces deux journ\u00e9es m\u00e9morables des 31 mai et 1er juin.<\/p><p>Les denr\u00e9es collect\u00e9es seront achemin\u00e9es d\u00e8s cette semaine vers les banques alimentaires, o\u00f9 elles seront tri\u00e9es, stock\u00e9es et redistribu\u00e9es aux personnes en situation de pr\u00e9carit\u00e9 par l\u2019interm\u00e9diaire de nos associations et services sociaux partenaires.<\/p><p>Nous sommes fiers d\u2019annoncer que la prochaine \u00e9dition du Samedi du partage est pr\u00e9vue les 29 et 30 novembre 2024, afin de poursuivre cette incroyable cha\u00eene de solidarit\u00e9.<\/p><p>Cr\u00e9dit photo : Aur\u00e9lien Fontanet<\/p><p><a href=\"https:\/\/www.partage.ch\/wp-content\/uploads\/COMMUNIQUE-DE-PRESSE_RESULTAT_SAMEDIDIUPARTAGE.pdf\">Communiqu\u00e9 de r\u00e9sultat<\/a><\/p>\t\t\t\t\t\t\t\t<\/div>\n\t\t\t\t<\/div>\n\t\t\t\t\t<\/div>\n\t\t<\/div>\n\t\t\t\t\t<\/div>\n\t\t<\/section>\n\t\t\t\t<section class=\"elementor-section elementor-top-section elementor-element elementor-element-041efb0 elementor-section-boxed elementor-section-height-default elementor-section-height-default\" data-id=\"041efb0\" data-element_type=\"section\" data-e-type=\"section\">\n\t\t\t\t\t\t<div class=\"elementor-container elementor-column-gap-default\">\n\t\t\t\t\t<div class=\"elementor-column elementor-col-100 elementor-top-column elementor-element elementor-element-f83f1b7\" data-id=\"f83f1b7\" data-element_type=\"column\" data-e-type=\"column\">\n\t\t\t<div class=\"elementor-widget-wrap elementor-element-populated\">\n\t\t\t\t\t\t<div class=\"elementor-element elementor-element-c209418 elementor-widget elementor-widget-image\" data-id=\"c209418\" data-element_type=\"widget\" data-e-type=\"widget\" data-widget_type=\"image.default\">\n\t\t\t\t<div class=\"elementor-widget-container\">\n\t\t\t\t\t\t\t\t\t\t\t\t\t\t\t<img fetchpriority=\"high\" decoding=\"async\" width=\"1024\" height=\"683\" src=\"https:\/\/www.partage.ch\/wp-content\/uploads\/Samedi_du_partage_31mai_1er_juin_2024_Photos_Aurelien_Fontanet-13-1024x683.jpg\" class=\"attachment-large size-large wp-image-55077\" alt=\"\" srcset=\"https:\/\/www.partage.ch\/wp-content\/uploads\/Samedi_du_partage_31mai_1er_juin_2024_Photos_Aurelien_Fontanet-13-1024x683.jpg 1024w, https:\/\/www.partage.ch\/wp-content\/uploads\/Samedi_du_partage_31mai_1er_juin_2024_Photos_Aurelien_Fontanet-13-300x200.jpg 300w, https:\/\/www.partage.ch\/wp-content\/uploads\/Samedi_du_partage_31mai_1er_juin_2024_Photos_Aurelien_Fontanet-13-768x512.jpg 768w, https:\/\/www.partage.ch\/wp-content\/uploads\/Samedi_du_partage_31mai_1er_juin_2024_Photos_Aurelien_Fontanet-13-1536x1025.jpg 1536w, https:\/\/www.partage.ch\/wp-content\/uploads\/Samedi_du_partage_31mai_1er_juin_2024_Photos_Aurelien_Fontanet-13-2048x1367.jpg 2048w\" sizes=\"(max-width: 1024px) 100vw, 1024px\" \/>\t\t\t\t\t\t\t\t\t\t\t\t\t\t\t<\/div>\n\t\t\t\t<\/div>\n\t\t\t\t\t<\/div>\n\t\t<\/div>\n\t\t\t\t\t<\/div>\n\t\t<\/section>\n\t\t\t\t<\/div>\n\t\t","protected":false},"excerpt":{"rendered":"<p>Gen\u00e8ve, Lausanne, Fribourg, le 5 juin 2024 \u2013 Dans un \u00e9lan de solidarit\u00e9 sans pr\u00e9c\u00e9dent, les trois cantons romands ont r\u00e9pondu massivement \u00e0 l\u2019appel lors de l\u2019op\u00e9ration Samedi du partage. Cette mobilisation remarquable a permis de collecter une quantit\u00e9 impressionnante de 269 tonnes de denr\u00e9es alimentaires et de produits d\u2019hygi\u00e8ne, destin\u00e9s \u00e0 soutenir la population [&hellip;]<\/p>\n","protected":false},"author":3,"featured_media":55075,"comment_status":"closed","ping_status":"closed","sticky":false,"template":"","format":"standard","meta":{"site-sidebar-layout":"default","site-content-layout":"default","ast-site-content-layout":"default","site-content-style":"default","site-sidebar-style":"default","ast-global-header-display":"","ast-banner-title-visibility":"","ast-main-header-display":"","ast-hfb-above-header-display":"","ast-hfb-below-header-display":"","ast-hfb-mobile-header-display":"","site-post-title":"","ast-breadcrumbs-content":"","ast-featured-img":"","footer-sml-layout":"","theme-transparent-header-meta":"default","adv-header-id-meta":"","stick-header-meta":"default","header-above-stick-meta":"","header-main-stick-meta":"","header-below-stick-meta":"","astra-migrate-meta-layouts":"set","ast-page-background-enabled":"default","ast-page-background-meta":{"desktop":{"background-color":"","background-image":"","background-repeat":"repeat","background-position":"center center","background-size":"auto","background-attachment":"scroll","background-type":"","background-media":"","overlay-type":"","overlay-color":"","overlay-opacity":"","overlay-gradient":""},"tablet":{"background-color":"","background-image":"","background-repeat":"repeat","background-position":"center center","background-size":"auto","background-attachment":"scroll","background-type":"","background-media":"","overlay-type":"","overlay-color":"","overlay-opacity":"","overlay-gradient":""},"mobile":{"background-color":"","background-image":"","background-repeat":"repeat","background-position":"center center","background-size":"auto","background-attachment":"scroll","background-type":"","background-media":"","overlay-type":"","overlay-color":"","overlay-opacity":"","overlay-gradient":""}},"ast-content-background-meta":{"desktop":{"background-color":"var(--ast-global-color-5)","background-image":"","background-repeat":"repeat","background-position":"center center","background-size":"auto","background-attachment":"scroll","background-type":"","background-media":"","overlay-type":"","overlay-color":"","overlay-opacity":"","overlay-gradient":""},"tablet":{"background-color":"var(--ast-global-color-5)","background-image":"","background-repeat":"repeat","background-position":"center center","background-size":"auto","background-attachment":"scroll","background-type":"","background-media":"","overlay-type":"","overlay-color":"","overlay-opacity":"","overlay-gradient":""},"mobile":{"background-color":"var(--ast-global-color-5)","background-image":"","background-repeat":"repeat","background-position":"center center","background-size":"auto","background-attachment":"scroll","background-type":"","background-media":"","overlay-type":"","overlay-color":"","overlay-opacity":"","overlay-gradient":""}},"footnotes":""},"categories":[29],"tags":[],"class_list":["post-55072","post","type-post","status-publish","format-standard","has-post-thumbnail","hentry","category-actualites"],"_links":{"self":[{"href":"https:\/\/www.partage.ch\/fr\/wp-json\/wp\/v2\/posts\/55072","targetHints":{"allow":["GET"]}}],"collection":[{"href":"https:\/\/www.partage.ch\/fr\/wp-json\/wp\/v2\/posts"}],"about":[{"href":"https:\/\/www.partage.ch\/fr\/wp-json\/wp\/v2\/types\/post"}],"author":[{"embeddable":true,"href":"https:\/\/www.partage.ch\/fr\/wp-json\/wp\/v2\/users\/3"}],"replies":[{"embeddable":true,"href":"https:\/\/www.partage.ch\/fr\/wp-json\/wp\/v2\/comments?post=55072"}],"version-history":[{"count":5,"href":"https:\/\/www.partage.ch\/fr\/wp-json\/wp\/v2\/posts\/55072\/revisions"}],"predecessor-version":[{"id":55083,"href":"https:\/\/www.partage.ch\/fr\/wp-json\/wp\/v2\/posts\/55072\/revisions\/55083"}],"wp:featuredmedia":[{"embeddable":true,"href":"https:\/\/www.partage.ch\/fr\/wp-json\/wp\/v2\/media\/55075"}],"wp:attachment":[{"href":"https:\/\/www.partage.ch\/fr\/wp-json\/wp\/v2\/media?parent=55072"}],"wp:term":[{"taxonomy":"category","embeddable":true,"href":"https:\/\/www.partage.ch\/fr\/wp-json\/wp\/v2\/categories?post=55072"},{"taxonomy":"post_tag","embeddable":true,"href":"https:\/\/www.partage.ch\/fr\/wp-json\/wp\/v2\/tags?post=55072"}],"curies":[{"name":"wp","href":"https:\/\/api.w.org\/{rel}","templated":true}]}}