{"id":49425,"date":"2023-05-24T10:58:31","date_gmt":"2023-05-24T08:58:31","guid":{"rendered":"https:\/\/www.partage.ch\/?p=49425"},"modified":"2023-05-24T11:16:22","modified_gmt":"2023-05-24T09:16:22","slug":"oui-a-un-droit-a-lalimentation-le-18-juin","status":"publish","type":"post","link":"https:\/\/www.partage.ch\/fr\/actualites\/oui-a-un-droit-a-lalimentation-le-18-juin\/","title":{"rendered":"Pour la fin de la pr\u00e9carit\u00e9 alimentaire : OUI \u00e0 un droit \u00e0 l&#8217;alimentation le 18 juin"},"content":{"rendered":"\t\t<div data-elementor-type=\"wp-post\" data-elementor-id=\"49425\" class=\"elementor elementor-49425\" data-elementor-post-type=\"post\">\n\t\t\t\t\t\t<section class=\"elementor-section elementor-top-section elementor-element elementor-element-69401b5 elementor-section-boxed elementor-section-height-default elementor-section-height-default\" data-id=\"69401b5\" data-element_type=\"section\" data-e-type=\"section\">\n\t\t\t\t\t\t<div class=\"elementor-container elementor-column-gap-default\">\n\t\t\t\t\t<div class=\"elementor-column elementor-col-100 elementor-top-column elementor-element elementor-element-6bae8ee\" data-id=\"6bae8ee\" data-element_type=\"column\" data-e-type=\"column\">\n\t\t\t<div class=\"elementor-widget-wrap elementor-element-populated\">\n\t\t\t\t\t\t<div class=\"elementor-element elementor-element-cc757ba elementor-widget elementor-widget-text-editor\" data-id=\"cc757ba\" data-element_type=\"widget\" data-e-type=\"widget\" data-widget_type=\"text-editor.default\">\n\t\t\t\t<div class=\"elementor-widget-container\">\n\t\t\t\t\t\t\t\t\t<p><em>Le 18 juin 2023, les citoyen.nes genevois.es sont appel\u00e9.es. \u00e0 se prononcer sur l\u2019inscription du droit \u00e0 l\u2019alimentation dans la Constitution de notre Canton. La Fondation Partage, le CAPAS, Caritas, les Colis du C\u0153ur et le Centre Social Protestant s\u2019unissent pour appeler la population \u00e0 voter OUI.<\/em><\/p><p>Les crises successives ont fortement impact\u00e9 la population depuis plusieurs ann\u00e9es. La banque alimentaire genevoise constate une augmentation quasi constante du nombre de b\u00e9n\u00e9ficiaires finaux de cette aide. C\u2019est d\u00e9sormais plus de 14&#8217;000 personnes par semaine qui sont soutenus par les distributions alimentaires de la Fondation \u00e0 travers une cinquantaine d\u2019institutions sociales.<\/p><p>D\u2019urgence, cette aide alimentaire est devenue structurelle, attestant de la n\u00e9cessit\u00e9 d\u2019organiser une vraie politique publique en la mati\u00e8re. C\u2019est pourquoi, \u00e0 l\u2019instar du logement, de la sant\u00e9 ou de l\u2019\u00e9ducation, l\u2019inscription du droit \u00e0 l\u2019alimentation dans la Constitution genevoise est devenue incontournable afin qu\u2019un texte d\u2019application puisse \u00eatre r\u00e9dig\u00e9e et ainsi contribuer \u00e0 am\u00e9liorer le syst\u00e8me de soutien aux personnes vuln\u00e9rables de mani\u00e8re durable.<\/p><p>Il s\u2019agit l\u00e0 de pouvoir permettre aux organisations actives dans l\u2019aide sociale de r\u00e9pondre aux d\u00e9fis et complications de la pr\u00e9carit\u00e9 croissante en ne r\u00e9pondant pas simplement aux urgences ponctuelles (ce qu\u2019elles continueront \u00e0 faire), mais \u00e9galement en se coordonnant avec les autorit\u00e9s afin que le droit fondamental de s\u2019alimenter correctement puisse \u00eatre une r\u00e9alit\u00e9 tangible pour toute personne en ayant le besoin.<\/p><p>C\u2019est pourquoi la Fondation Partage invite \u00e0 voter OUI le 18 juin prochain.<\/p><p>Pour lire le dossier de presse c\u2019est <a href=\"https:\/\/www.partage.ch\/wp-content\/uploads\/Dossier-de-presse_droit-alimentation_23.05.2023.pdf\">ici<\/a>.<\/p>\t\t\t\t\t\t\t\t<\/div>\n\t\t\t\t<\/div>\n\t\t\t\t\t<\/div>\n\t\t<\/div>\n\t\t\t\t\t<\/div>\n\t\t<\/section>\n\t\t\t\t<section class=\"elementor-section elementor-top-section elementor-element elementor-element-041efb0 elementor-section-boxed elementor-section-height-default elementor-section-height-default\" data-id=\"041efb0\" data-element_type=\"section\" data-e-type=\"section\">\n\t\t\t\t\t\t<div class=\"elementor-container elementor-column-gap-default\">\n\t\t\t\t\t<div class=\"elementor-column elementor-col-100 elementor-top-column elementor-element elementor-element-f83f1b7\" data-id=\"f83f1b7\" data-element_type=\"column\" data-e-type=\"column\">\n\t\t\t<div class=\"elementor-widget-wrap elementor-element-populated\">\n\t\t\t\t\t\t<div class=\"elementor-element elementor-element-c209418 elementor-widget elementor-widget-image\" data-id=\"c209418\" data-element_type=\"widget\" data-e-type=\"widget\" data-widget_type=\"image.default\">\n\t\t\t\t<div class=\"elementor-widget-container\">\n\t\t\t\t\t\t\t\t\t\t\t\t\t\t\t<img fetchpriority=\"high\" decoding=\"async\" width=\"1024\" height=\"544\" src=\"https:\/\/www.partage.ch\/wp-content\/uploads\/230509campagneDroitAlimentation-banner-1024x544.jpg\" class=\"attachment-large size-large wp-image-49443\" alt=\"\" srcset=\"https:\/\/www.partage.ch\/wp-content\/uploads\/230509campagneDroitAlimentation-banner-1024x544.jpg 1024w, https:\/\/www.partage.ch\/wp-content\/uploads\/230509campagneDroitAlimentation-banner-300x159.jpg 300w, https:\/\/www.partage.ch\/wp-content\/uploads\/230509campagneDroitAlimentation-banner-768x408.jpg 768w, https:\/\/www.partage.ch\/wp-content\/uploads\/230509campagneDroitAlimentation-banner-1536x816.jpg 1536w, https:\/\/www.partage.ch\/wp-content\/uploads\/230509campagneDroitAlimentation-banner-2048x1088.jpg 2048w\" sizes=\"(max-width: 1024px) 100vw, 1024px\" \/>\t\t\t\t\t\t\t\t\t\t\t\t\t\t\t<\/div>\n\t\t\t\t<\/div>\n\t\t\t\t\t<\/div>\n\t\t<\/div>\n\t\t\t\t\t<\/div>\n\t\t<\/section>\n\t\t\t\t<\/div>\n\t\t","protected":false},"excerpt":{"rendered":"<p>Le 18 juin 2023, les citoyen.nes genevois.es sont appel\u00e9.es. \u00e0 se prononcer sur l\u2019inscription du droit \u00e0 l\u2019alimentation dans la Constitution de notre Canton. La Fondation Partage, le CAPAS, Caritas, les Colis du C\u0153ur et le Centre Social Protestant s\u2019unissent pour appeler la population \u00e0 voter OUI. Les crises successives ont fortement impact\u00e9 la population [&hellip;]<\/p>\n","protected":false},"author":3,"featured_media":49443,"comment_status":"closed","ping_status":"closed","sticky":false,"template":"","format":"standard","meta":{"site-sidebar-layout":"default","site-content-layout":"default","ast-site-content-layout":"default","site-content-style":"default","site-sidebar-style":"default","ast-global-header-display":"","ast-banner-title-visibility":"","ast-main-header-display":"","ast-hfb-above-header-display":"","ast-hfb-below-header-display":"","ast-hfb-mobile-header-display":"","site-post-title":"","ast-breadcrumbs-content":"","ast-featured-img":"","footer-sml-layout":"","theme-transparent-header-meta":"default","adv-header-id-meta":"","stick-header-meta":"default","header-above-stick-meta":"","header-main-stick-meta":"","header-below-stick-meta":"","astra-migrate-meta-layouts":"default","ast-page-background-enabled":"default","ast-page-background-meta":{"desktop":{"background-color":"","background-image":"","background-repeat":"repeat","background-position":"center center","background-size":"auto","background-attachment":"scroll","background-type":"","background-media":"","overlay-type":"","overlay-color":"","overlay-opacity":"","overlay-gradient":""},"tablet":{"background-color":"","background-image":"","background-repeat":"repeat","background-position":"center center","background-size":"auto","background-attachment":"scroll","background-type":"","background-media":"","overlay-type":"","overlay-color":"","overlay-opacity":"","overlay-gradient":""},"mobile":{"background-color":"","background-image":"","background-repeat":"repeat","background-position":"center center","background-size":"auto","background-attachment":"scroll","background-type":"","background-media":"","overlay-type":"","overlay-color":"","overlay-opacity":"","overlay-gradient":""}},"ast-content-background-meta":{"desktop":{"background-color":"var(--ast-global-color-5)","background-image":"","background-repeat":"repeat","background-position":"center center","background-size":"auto","background-attachment":"scroll","background-type":"","background-media":"","overlay-type":"","overlay-color":"","overlay-opacity":"","overlay-gradient":""},"tablet":{"background-color":"var(--ast-global-color-5)","background-image":"","background-repeat":"repeat","background-position":"center center","background-size":"auto","background-attachment":"scroll","background-type":"","background-media":"","overlay-type":"","overlay-color":"","overlay-opacity":"","overlay-gradient":""},"mobile":{"background-color":"var(--ast-global-color-5)","background-image":"","background-repeat":"repeat","background-position":"center center","background-size":"auto","background-attachment":"scroll","background-type":"","background-media":"","overlay-type":"","overlay-color":"","overlay-opacity":"","overlay-gradient":""}},"footnotes":""},"categories":[29],"tags":[],"class_list":["post-49425","post","type-post","status-publish","format-standard","has-post-thumbnail","hentry","category-actualites"],"_links":{"self":[{"href":"https:\/\/www.partage.ch\/fr\/wp-json\/wp\/v2\/posts\/49425","targetHints":{"allow":["GET"]}}],"collection":[{"href":"https:\/\/www.partage.ch\/fr\/wp-json\/wp\/v2\/posts"}],"about":[{"href":"https:\/\/www.partage.ch\/fr\/wp-json\/wp\/v2\/types\/post"}],"author":[{"embeddable":true,"href":"https:\/\/www.partage.ch\/fr\/wp-json\/wp\/v2\/users\/3"}],"replies":[{"embeddable":true,"href":"https:\/\/www.partage.ch\/fr\/wp-json\/wp\/v2\/comments?post=49425"}],"version-history":[{"count":10,"href":"https:\/\/www.partage.ch\/fr\/wp-json\/wp\/v2\/posts\/49425\/revisions"}],"predecessor-version":[{"id":49461,"href":"https:\/\/www.partage.ch\/fr\/wp-json\/wp\/v2\/posts\/49425\/revisions\/49461"}],"wp:featuredmedia":[{"embeddable":true,"href":"https:\/\/www.partage.ch\/fr\/wp-json\/wp\/v2\/media\/49443"}],"wp:attachment":[{"href":"https:\/\/www.partage.ch\/fr\/wp-json\/wp\/v2\/media?parent=49425"}],"wp:term":[{"taxonomy":"category","embeddable":true,"href":"https:\/\/www.partage.ch\/fr\/wp-json\/wp\/v2\/categories?post=49425"},{"taxonomy":"post_tag","embeddable":true,"href":"https:\/\/www.partage.ch\/fr\/wp-json\/wp\/v2\/tags?post=49425"}],"curies":[{"name":"wp","href":"https:\/\/api.w.org\/{rel}","templated":true}]}}