{"id":42438,"date":"2022-11-16T17:14:41","date_gmt":"2022-11-16T15:14:41","guid":{"rendered":"https:\/\/www.partage.ch\/?p=42438"},"modified":"2022-11-22T13:36:54","modified_gmt":"2022-11-22T11:36:54","slug":"le-samedi-du-partage-etend-ses-quartiers-dans-les-boucheries-charcuteries-du-canton","status":"publish","type":"post","link":"https:\/\/www.partage.ch\/fr\/actualites\/le-samedi-du-partage-etend-ses-quartiers-dans-les-boucheries-charcuteries-du-canton\/","title":{"rendered":"Le Samedi du partage \u00e9tend ses quartiers dans les boucheries-charcuteries du canton"},"content":{"rendered":"\t\t<div data-elementor-type=\"wp-post\" data-elementor-id=\"42438\" class=\"elementor elementor-42438\" data-elementor-post-type=\"post\">\n\t\t\t\t\t\t<section class=\"elementor-section elementor-top-section elementor-element elementor-element-69401b5 elementor-section-boxed elementor-section-height-default elementor-section-height-default\" data-id=\"69401b5\" data-element_type=\"section\" data-e-type=\"section\">\n\t\t\t\t\t\t<div class=\"elementor-container elementor-column-gap-default\">\n\t\t\t\t\t<div class=\"elementor-column elementor-col-100 elementor-top-column elementor-element elementor-element-6bae8ee\" data-id=\"6bae8ee\" data-element_type=\"column\" data-e-type=\"column\">\n\t\t\t<div class=\"elementor-widget-wrap elementor-element-populated\">\n\t\t\t\t\t\t<div class=\"elementor-element elementor-element-cc757ba elementor-widget elementor-widget-text-editor\" data-id=\"cc757ba\" data-element_type=\"widget\" data-e-type=\"widget\" data-widget_type=\"text-editor.default\">\n\t\t\t\t<div class=\"elementor-widget-container\">\n\t\t\t\t\t\t\t\t\t<p><strong>Le Samedi du partage lance une op\u00e9ration solidaire soutenue par artistes et boucheries locales <br \/><\/strong><\/p><p>L&#8217;op\u00e9ration &#8220;cochons du partage&#8221; a d\u00e9marr\u00e9 ce lundi. Vous allez peut-\u00eatre en croiser un dans votre boucherie de quartier&#8230; Mais, quel est l&#8217;objectif de cette action ? Explications !<\/p><p>Vous en croiserez peut-\u00eatre un dans votre commerce de proximit\u00e9&#8230; le cochon du partage entre en piste !<\/p><p>Port\u00e9 par l\u2019engagement d\u2019illustratrices et illustrateurs locaux et des commerces de proximit\u00e9 partenaires, cette op\u00e9ration vise \u00e0 fournir des produits carn\u00e9s aux personnes en situation de pr\u00e9carit\u00e9. En effet, traditionnellement localis\u00e9e au sein des supermarch\u00e9s, le Samedi du partage vise \u00e0 r\u00e9colter des denr\u00e9es alimentaires s\u00e8ches et des produits d\u2019hygi\u00e8ne. La viande, denr\u00e9e co\u00fbteuse, ne fait pas partie des marchandises r\u00e9colt\u00e9es durant ces deux journ\u00e9es. En outre, les produits carn\u00e9s ne font quasiment pas partie des invendus r\u00e9colt\u00e9s par la banque alimentaire (la boucherie, par essence, valorise l&#8217;entier du produit).<\/p><p>Fort de ce constat, le Samedi du partage a lanc\u00e9 l&#8217;op\u00e9ration &#8220;Cochon du partage&#8221;, en partenariat avec des bouchers de la place et \u00e0 travers la Soci\u00e9t\u00e9 Patronale des Bouchers-Charcutiers de Gen\u00e8ve. A cette occasion, 17 illustratrices et illustrateurs de la place ont chacun-e personnalis\u00e9 un cochon-tirelire, dans l&#8217;objectif de r\u00e9colter des dons, permettant de proc\u00e9der \u00e0 l&#8217;achat de produits carn\u00e9s dans la m\u00eame boucherie, redistribu\u00e9s aux personnes et familles en situation de pr\u00e9carit\u00e9 du canton.<\/p><p>Pour en savoir plus et d\u00e9couvrir l&#8217;histoire des cochons ainsi que leur emplacement temporaire, c&#8217;est <a href=\"https:\/\/samedidupartage.ch\/geneve\/le-cochon-du-partage\/\">par ici<\/a>.<\/p>\t\t\t\t\t\t\t\t<\/div>\n\t\t\t\t<\/div>\n\t\t\t\t\t<\/div>\n\t\t<\/div>\n\t\t\t\t\t<\/div>\n\t\t<\/section>\n\t\t\t\t<\/div>\n\t\t","protected":false},"excerpt":{"rendered":"<p>Le Samedi du partage lance une op\u00e9ration solidaire soutenue par artistes et boucheries locales L&#8217;op\u00e9ration &#8220;cochons du partage&#8221; a d\u00e9marr\u00e9 ce lundi. Vous allez peut-\u00eatre en croiser un dans votre boucherie de quartier&#8230; Mais, quel est l&#8217;objectif de cette action ? Explications ! Vous en croiserez peut-\u00eatre un dans votre commerce de proximit\u00e9&#8230; le cochon [&hellip;]<\/p>\n","protected":false},"author":3,"featured_media":42441,"comment_status":"closed","ping_status":"closed","sticky":false,"template":"","format":"standard","meta":{"site-sidebar-layout":"default","site-content-layout":"default","ast-site-content-layout":"default","site-content-style":"default","site-sidebar-style":"default","ast-global-header-display":"","ast-banner-title-visibility":"","ast-main-header-display":"","ast-hfb-above-header-display":"","ast-hfb-below-header-display":"","ast-hfb-mobile-header-display":"","site-post-title":"","ast-breadcrumbs-content":"","ast-featured-img":"","footer-sml-layout":"","theme-transparent-header-meta":"default","adv-header-id-meta":"","stick-header-meta":"default","header-above-stick-meta":"","header-main-stick-meta":"","header-below-stick-meta":"","astra-migrate-meta-layouts":"default","ast-page-background-enabled":"default","ast-page-background-meta":{"desktop":{"background-color":"","background-image":"","background-repeat":"repeat","background-position":"center center","background-size":"auto","background-attachment":"scroll","background-type":"","background-media":"","overlay-type":"","overlay-color":"","overlay-opacity":"","overlay-gradient":""},"tablet":{"background-color":"","background-image":"","background-repeat":"repeat","background-position":"center center","background-size":"auto","background-attachment":"scroll","background-type":"","background-media":"","overlay-type":"","overlay-color":"","overlay-opacity":"","overlay-gradient":""},"mobile":{"background-color":"","background-image":"","background-repeat":"repeat","background-position":"center center","background-size":"auto","background-attachment":"scroll","background-type":"","background-media":"","overlay-type":"","overlay-color":"","overlay-opacity":"","overlay-gradient":""}},"ast-content-background-meta":{"desktop":{"background-color":"var(--ast-global-color-5)","background-image":"","background-repeat":"repeat","background-position":"center center","background-size":"auto","background-attachment":"scroll","background-type":"","background-media":"","overlay-type":"","overlay-color":"","overlay-opacity":"","overlay-gradient":""},"tablet":{"background-color":"var(--ast-global-color-5)","background-image":"","background-repeat":"repeat","background-position":"center center","background-size":"auto","background-attachment":"scroll","background-type":"","background-media":"","overlay-type":"","overlay-color":"","overlay-opacity":"","overlay-gradient":""},"mobile":{"background-color":"var(--ast-global-color-5)","background-image":"","background-repeat":"repeat","background-position":"center center","background-size":"auto","background-attachment":"scroll","background-type":"","background-media":"","overlay-type":"","overlay-color":"","overlay-opacity":"","overlay-gradient":""}},"footnotes":""},"categories":[29],"tags":[],"class_list":["post-42438","post","type-post","status-publish","format-standard","has-post-thumbnail","hentry","category-actualites"],"_links":{"self":[{"href":"https:\/\/www.partage.ch\/fr\/wp-json\/wp\/v2\/posts\/42438","targetHints":{"allow":["GET"]}}],"collection":[{"href":"https:\/\/www.partage.ch\/fr\/wp-json\/wp\/v2\/posts"}],"about":[{"href":"https:\/\/www.partage.ch\/fr\/wp-json\/wp\/v2\/types\/post"}],"author":[{"embeddable":true,"href":"https:\/\/www.partage.ch\/fr\/wp-json\/wp\/v2\/users\/3"}],"replies":[{"embeddable":true,"href":"https:\/\/www.partage.ch\/fr\/wp-json\/wp\/v2\/comments?post=42438"}],"version-history":[{"count":11,"href":"https:\/\/www.partage.ch\/fr\/wp-json\/wp\/v2\/posts\/42438\/revisions"}],"predecessor-version":[{"id":42873,"href":"https:\/\/www.partage.ch\/fr\/wp-json\/wp\/v2\/posts\/42438\/revisions\/42873"}],"wp:featuredmedia":[{"embeddable":true,"href":"https:\/\/www.partage.ch\/fr\/wp-json\/wp\/v2\/media\/42441"}],"wp:attachment":[{"href":"https:\/\/www.partage.ch\/fr\/wp-json\/wp\/v2\/media?parent=42438"}],"wp:term":[{"taxonomy":"category","embeddable":true,"href":"https:\/\/www.partage.ch\/fr\/wp-json\/wp\/v2\/categories?post=42438"},{"taxonomy":"post_tag","embeddable":true,"href":"https:\/\/www.partage.ch\/fr\/wp-json\/wp\/v2\/tags?post=42438"}],"curies":[{"name":"wp","href":"https:\/\/api.w.org\/{rel}","templated":true}]}}