{"id":13795,"date":"2021-07-28T16:10:38","date_gmt":"2021-07-28T14:10:38","guid":{"rendered":"https:\/\/www.partage.ch\/?p=13795"},"modified":"2021-09-02T08:18:32","modified_gmt":"2021-09-02T06:18:32","slug":"cabas-alimentaires-pour-enfants-en-situation-de-precarite-un-projet-commun-aux-colis-du-coeur-et-a-partage","status":"publish","type":"post","link":"https:\/\/www.partage.ch\/fr\/actualites\/cabas-alimentaires-pour-enfants-en-situation-de-precarite-un-projet-commun-aux-colis-du-coeur-et-a-partage\/","title":{"rendered":"Cabas alimentaires pour enfants en situation de pr\u00e9carit\u00e9 : un projet commun aux Colis du C\u0153ur et \u00e0 Partage"},"content":{"rendered":"\t\t<div data-elementor-type=\"wp-post\" data-elementor-id=\"13795\" class=\"elementor elementor-13795\" data-elementor-post-type=\"post\">\n\t\t\t\t\t\t<section class=\"elementor-section elementor-top-section elementor-element elementor-element-4498cca elementor-section-boxed elementor-section-height-default elementor-section-height-default\" data-id=\"4498cca\" data-element_type=\"section\" data-e-type=\"section\">\n\t\t\t\t\t\t<div class=\"elementor-container elementor-column-gap-default\">\n\t\t\t\t\t<div class=\"elementor-column elementor-col-100 elementor-top-column elementor-element elementor-element-3c7a11c\" data-id=\"3c7a11c\" data-element_type=\"column\" data-e-type=\"column\">\n\t\t\t<div class=\"elementor-widget-wrap elementor-element-populated\">\n\t\t\t\t\t\t<div class=\"elementor-element elementor-element-87c4f1a elementor-widget elementor-widget-text-editor\" data-id=\"87c4f1a\" data-element_type=\"widget\" data-e-type=\"widget\" data-widget_type=\"text-editor.default\">\n\t\t\t\t<div class=\"elementor-widget-container\">\n\t\t\t\t\t\t\t\t\t<p>Depuis juin 2020, dans le cadre de sa mission de lutte contre la pr\u00e9carit\u00e9, la Fondation Partage pr\u00e9pare des cabas d\u2019aide alimentaire d\u2019urgence pour approvisionner des services sociaux et associations locales, qui les redistribuent \u00e0 des personnes et familles dans le besoin.<\/p><p>Parmi ces institutions, la Fondation Colis du C\u0153ur, principale b\u00e9n\u00e9ficiaire\u00a0: elle re\u00e7oit pr\u00e8s de 90 tonnes de produits de premi\u00e8re n\u00e9cessit\u00e9 mensuellement et octroie une aide alimentaire \u00e0 pr\u00e8s de 7&#8217;000 personnes chaque semaine.<\/p><p>Avec la fin de l\u2019ann\u00e9e scolaire, la Fondation Colis du C\u0153ur a mis en lumi\u00e8re une probl\u00e9matique sp\u00e9cifique concernant les enfants qu\u2019elle soutient\u00a0: l\u2019interruption estivale des cuisines scolaires, o\u00f9 certains enfants sont nourris gratuitement \u00e0 midi, qui engendre une charge suppl\u00e9mentaire pour de nombreuses familles peinant d\u00e9j\u00e0 \u00e0 joindre les deux bouts.<\/p><p>Pour pallier ce manque, la Fondation Colis du Coeur et la Fondation Partage collaborent cet \u00e9t\u00e9 pour la confection et la distribution suppl\u00e9mentaire de pr\u00e8s de 1&#8217;100 cabas d&#8217;aide d&#8217;urgence alimentaire par semaine, destin\u00e9s aux moins de 12 ans.<\/p><p>Entre le 5 juillet et le 28 ao\u00fbt, chaque semaine, un cabas par famille et par enfant, de moins de 12 ans, est distribu\u00e9 en plus. Les cabas contiennent des produits secs, des fruits &amp; l\u00e9gumes, des \u0153ufs, du lait et des barres de c\u00e9r\u00e9ales, ces derni\u00e8res \u00e9tant gracieusement livr\u00e9es par l\u2019un de nos partenaires.\u00a0<\/p><p><span style=\"font-style: inherit; font-weight: inherit;\">Cette action s\u2019inscrit \u00e0 part enti\u00e8re dans la volont\u00e9 d\u2019aider les personnes en situation de pr\u00e9carit\u00e9, objectif conjoint des Colis du C\u0153ur et de Partage.<\/span><\/p>\t\t\t\t\t\t\t\t<\/div>\n\t\t\t\t<\/div>\n\t\t\t\t\t<\/div>\n\t\t<\/div>\n\t\t\t\t\t<\/div>\n\t\t<\/section>\n\t\t\t\t<section class=\"elementor-section elementor-top-section elementor-element elementor-element-92c702a elementor-section-boxed elementor-section-height-default elementor-section-height-default\" data-id=\"92c702a\" data-element_type=\"section\" data-e-type=\"section\">\n\t\t\t\t\t\t<div class=\"elementor-container elementor-column-gap-default\">\n\t\t\t\t\t<div class=\"elementor-column elementor-col-100 elementor-top-column elementor-element elementor-element-5b2f33e\" data-id=\"5b2f33e\" data-element_type=\"column\" data-e-type=\"column\">\n\t\t\t<div class=\"elementor-widget-wrap elementor-element-populated\">\n\t\t\t\t\t\t<div class=\"elementor-element elementor-element-9b319f8 elementor-widget elementor-widget-image\" data-id=\"9b319f8\" data-element_type=\"widget\" data-e-type=\"widget\" data-widget_type=\"image.default\">\n\t\t\t\t<div class=\"elementor-widget-container\">\n\t\t\t\t\t\t\t\t\t\t\t\t\t\t\t<img fetchpriority=\"high\" decoding=\"async\" width=\"1024\" height=\"683\" src=\"https:\/\/www.partage.ch\/wp-content\/uploads\/IMG_0013-1024x683.png\" class=\"attachment-large size-large wp-image-13836\" alt=\"\" srcset=\"https:\/\/www.partage.ch\/wp-content\/uploads\/IMG_0013-1024x683.png 1024w, https:\/\/www.partage.ch\/wp-content\/uploads\/IMG_0013-300x200.png 300w, https:\/\/www.partage.ch\/wp-content\/uploads\/IMG_0013-768x512.png 768w, https:\/\/www.partage.ch\/wp-content\/uploads\/IMG_0013-1536x1024.png 1536w, https:\/\/www.partage.ch\/wp-content\/uploads\/IMG_0013-2048x1365.png 2048w\" sizes=\"(max-width: 1024px) 100vw, 1024px\" \/>\t\t\t\t\t\t\t\t\t\t\t\t\t\t\t<\/div>\n\t\t\t\t<\/div>\n\t\t\t\t\t<\/div>\n\t\t<\/div>\n\t\t\t\t\t<\/div>\n\t\t<\/section>\n\t\t\t\t<\/div>\n\t\t","protected":false},"excerpt":{"rendered":"<p>Depuis juin 2020, dans le cadre de sa mission de lutte contre la pr\u00e9carit\u00e9, la Fondation Partage pr\u00e9pare des cabas d\u2019aide alimentaire d\u2019urgence pour approvisionner des services sociaux et associations locales, qui les redistribuent \u00e0 des personnes et familles dans le besoin. Parmi ces institutions, la Fondation Colis du C\u0153ur, principale b\u00e9n\u00e9ficiaire\u00a0: elle re\u00e7oit pr\u00e8s [&hellip;]<\/p>\n","protected":false},"author":3,"featured_media":13836,"comment_status":"closed","ping_status":"closed","sticky":false,"template":"","format":"standard","meta":{"site-sidebar-layout":"default","site-content-layout":"default","ast-site-content-layout":"default","site-content-style":"default","site-sidebar-style":"default","ast-global-header-display":"","ast-banner-title-visibility":"","ast-main-header-display":"","ast-hfb-above-header-display":"","ast-hfb-below-header-display":"","ast-hfb-mobile-header-display":"","site-post-title":"","ast-breadcrumbs-content":"","ast-featured-img":"","footer-sml-layout":"","theme-transparent-header-meta":"default","adv-header-id-meta":"","stick-header-meta":"default","header-above-stick-meta":"","header-main-stick-meta":"","header-below-stick-meta":"","astra-migrate-meta-layouts":"default","ast-page-background-enabled":"default","ast-page-background-meta":{"desktop":{"background-color":"","background-image":"","background-repeat":"repeat","background-position":"center center","background-size":"auto","background-attachment":"scroll","background-type":"","background-media":"","overlay-type":"","overlay-color":"","overlay-opacity":"","overlay-gradient":""},"tablet":{"background-color":"","background-image":"","background-repeat":"repeat","background-position":"center center","background-size":"auto","background-attachment":"scroll","background-type":"","background-media":"","overlay-type":"","overlay-color":"","overlay-opacity":"","overlay-gradient":""},"mobile":{"background-color":"","background-image":"","background-repeat":"repeat","background-position":"center center","background-size":"auto","background-attachment":"scroll","background-type":"","background-media":"","overlay-type":"","overlay-color":"","overlay-opacity":"","overlay-gradient":""}},"ast-content-background-meta":{"desktop":{"background-color":"var(--ast-global-color-5)","background-image":"","background-repeat":"repeat","background-position":"center center","background-size":"auto","background-attachment":"scroll","background-type":"","background-media":"","overlay-type":"","overlay-color":"","overlay-opacity":"","overlay-gradient":""},"tablet":{"background-color":"var(--ast-global-color-5)","background-image":"","background-repeat":"repeat","background-position":"center center","background-size":"auto","background-attachment":"scroll","background-type":"","background-media":"","overlay-type":"","overlay-color":"","overlay-opacity":"","overlay-gradient":""},"mobile":{"background-color":"var(--ast-global-color-5)","background-image":"","background-repeat":"repeat","background-position":"center center","background-size":"auto","background-attachment":"scroll","background-type":"","background-media":"","overlay-type":"","overlay-color":"","overlay-opacity":"","overlay-gradient":""}},"footnotes":""},"categories":[29],"tags":[],"class_list":["post-13795","post","type-post","status-publish","format-standard","has-post-thumbnail","hentry","category-actualites"],"_links":{"self":[{"href":"https:\/\/www.partage.ch\/fr\/wp-json\/wp\/v2\/posts\/13795","targetHints":{"allow":["GET"]}}],"collection":[{"href":"https:\/\/www.partage.ch\/fr\/wp-json\/wp\/v2\/posts"}],"about":[{"href":"https:\/\/www.partage.ch\/fr\/wp-json\/wp\/v2\/types\/post"}],"author":[{"embeddable":true,"href":"https:\/\/www.partage.ch\/fr\/wp-json\/wp\/v2\/users\/3"}],"replies":[{"embeddable":true,"href":"https:\/\/www.partage.ch\/fr\/wp-json\/wp\/v2\/comments?post=13795"}],"version-history":[{"count":0,"href":"https:\/\/www.partage.ch\/fr\/wp-json\/wp\/v2\/posts\/13795\/revisions"}],"wp:featuredmedia":[{"embeddable":true,"href":"https:\/\/www.partage.ch\/fr\/wp-json\/wp\/v2\/media\/13836"}],"wp:attachment":[{"href":"https:\/\/www.partage.ch\/fr\/wp-json\/wp\/v2\/media?parent=13795"}],"wp:term":[{"taxonomy":"category","embeddable":true,"href":"https:\/\/www.partage.ch\/fr\/wp-json\/wp\/v2\/categories?post=13795"},{"taxonomy":"post_tag","embeddable":true,"href":"https:\/\/www.partage.ch\/fr\/wp-json\/wp\/v2\/tags?post=13795"}],"curies":[{"name":"wp","href":"https:\/\/api.w.org\/{rel}","templated":true}]}}