{"id":11112,"date":"2020-12-23T08:47:00","date_gmt":"2020-12-23T06:47:00","guid":{"rendered":"https:\/\/www.partage.ch\/?p=11112"},"modified":"2021-06-10T08:56:33","modified_gmt":"2021-06-10T06:56:33","slug":"le-samedi-du-partage-pulverise-son-record-avec-une-recolte-de-275-tonnes-2","status":"publish","type":"post","link":"https:\/\/www.partage.ch\/fr\/actualites\/le-samedi-du-partage-pulverise-son-record-avec-une-recolte-de-275-tonnes-2\/","title":{"rendered":"Le Samedi du partage pulv\u00e9rise son record avec une r\u00e9colte de 275 tonnes !"},"content":{"rendered":"\t\t<div data-elementor-type=\"wp-post\" data-elementor-id=\"11112\" class=\"elementor elementor-11112\" data-elementor-post-type=\"post\">\n\t\t\t\t\t\t<section class=\"elementor-section elementor-top-section elementor-element elementor-element-ed1cfe8 elementor-section-boxed elementor-section-height-default elementor-section-height-default\" data-id=\"ed1cfe8\" data-element_type=\"section\" data-e-type=\"section\">\n\t\t\t\t\t\t<div class=\"elementor-container elementor-column-gap-default\">\n\t\t\t\t\t<div class=\"elementor-column elementor-col-100 elementor-top-column elementor-element elementor-element-1d93543\" data-id=\"1d93543\" data-element_type=\"column\" data-e-type=\"column\">\n\t\t\t<div class=\"elementor-widget-wrap elementor-element-populated\">\n\t\t\t\t\t\t<div class=\"elementor-element elementor-element-ebf0143 elementor-widget elementor-widget-image\" data-id=\"ebf0143\" data-element_type=\"widget\" data-e-type=\"widget\" data-widget_type=\"image.default\">\n\t\t\t\t<div class=\"elementor-widget-container\">\n\t\t\t\t\t\t\t\t\t\t\t\t\t\t\t<img fetchpriority=\"high\" decoding=\"async\" width=\"1024\" height=\"683\" src=\"https:\/\/www.partage.ch\/wp-content\/uploads\/1C4B4604-scaled-1-1024x683.jpeg\" class=\"attachment-large size-large wp-image-2441\" alt=\"samedis du partage\" srcset=\"https:\/\/www.partage.ch\/wp-content\/uploads\/1C4B4604-scaled-1-1024x683.jpeg 1024w, https:\/\/www.partage.ch\/wp-content\/uploads\/1C4B4604-scaled-1-300x200.jpeg 300w, https:\/\/www.partage.ch\/wp-content\/uploads\/1C4B4604-scaled-1-768x512.jpeg 768w, https:\/\/www.partage.ch\/wp-content\/uploads\/1C4B4604-scaled-1-1536x1024.jpeg 1536w, https:\/\/www.partage.ch\/wp-content\/uploads\/1C4B4604-scaled-1-2048x1366.jpeg 2048w\" sizes=\"(max-width: 1024px) 100vw, 1024px\" \/>\t\t\t\t\t\t\t\t\t\t\t\t\t\t\t<\/div>\n\t\t\t\t<\/div>\n\t\t\t\t\t<\/div>\n\t\t<\/div>\n\t\t\t\t\t<\/div>\n\t\t<\/section>\n\t\t\t\t<section class=\"elementor-section elementor-top-section elementor-element elementor-element-382b743 elementor-section-boxed elementor-section-height-default elementor-section-height-default\" data-id=\"382b743\" data-element_type=\"section\" data-e-type=\"section\">\n\t\t\t\t\t\t<div class=\"elementor-container elementor-column-gap-default\">\n\t\t\t\t\t<div class=\"elementor-column elementor-col-100 elementor-top-column elementor-element elementor-element-c6c8a7d\" data-id=\"c6c8a7d\" data-element_type=\"column\" data-e-type=\"column\">\n\t\t\t<div class=\"elementor-widget-wrap elementor-element-populated\">\n\t\t\t\t\t\t<div class=\"elementor-element elementor-element-6595856 elementor-widget elementor-widget-text-editor\" data-id=\"6595856\" data-element_type=\"widget\" data-e-type=\"widget\" data-widget_type=\"text-editor.default\">\n\t\t\t\t<div class=\"elementor-widget-container\">\n\t\t\t\t\t\t\t\t\t<p>Les Genevoises et les Genevois ont r\u00e9pondu massivement pr\u00e9sent \u00e0 l\u2019appel \u00e0 la solidarit\u00e9 lanc\u00e9 par le Samedi du partage pour sa r\u00e9colte des 27 et 28 novembre. L\u2019association engrange 275 tonnes de produits alimentaires et d\u2019articles d\u2019hygi\u00e8ne, un r\u00e9sultat en forte hausse par rapport \u00e0 novembre 2019 (+ 91 tonnes). L\u2019int\u00e9gralit\u00e9 de la r\u00e9colte sera stock\u00e9e et redistribu\u00e9e gratuitement par la banque alimentaire genevoise Partage \u00e0 une cinquantaine d\u2019associations caritatives et de services sociaux. Ce magnifique r\u00e9sultat est une excellente nouvelle pour tout le r\u00e9seau social genevois fortement sollicit\u00e9 en ce temps de crise.<\/p><p>La population genevoise n\u2019a sans doute pas oubli\u00e9 les images des files d\u2019attente lors des distributions alimentaires organis\u00e9es par la Caravane de solidarit\u00e9 pendant le semi- confinement du printemps. Consciente des difficult\u00e9s financi\u00e8res que g\u00e9n\u00e8re la crise sanitaire pour toute une frange de la population, elle a fait preuve de solidarit\u00e9 et de g\u00e9n\u00e9rosit\u00e9 en faisant ses courses pour les plus d\u00e9munis.<\/p><p>Cet effort collectif a \u00e9t\u00e9 soutenu par les 1\u2019400 b\u00e9n\u00e9voles qui se sont relay\u00e9s du vendredi au samedi dans les quelque 90 commerces alimentaires participants. Clubs services, associations, \u00e9l\u00e8ves et enseignants, entreprises et particuliers, ils ont \u00e9t\u00e9 nombreux \u00e0 donner de leur temps avec une belle \u00e9nergie pour cette action solidaire. L\u2019association leur exprime sa plus vive reconnaissance.<\/p><p>Elle tient aussi \u00e0 remercier les enseignes ainsi que leurs collaborateurs et collaboratrices qui, dans un contexte difficile, ont tout mis en \u0153uvre pour rendre cette op\u00e9ration possible. Aldi, Aligro, Coop, la Ferme de Bud\u00e9, La F\u00e8ve, Le Nid, Lidl, Manor, Migros, Prodega, Pouly, l\u2019\u00e9picerie Redani et Voi n\u2019ont pas m\u00e9nag\u00e9 leurs efforts malgr\u00e9 un climat d\u2019incertitude. Leur contribution \u00e0 la communication, \u00e0 la mise en place de la logistique et au rapatriement de la r\u00e9colte, auquel a \u00e9galement contribu\u00e9 la Maison Pfanzer Transports S.A., participe de la r\u00e9ussite de l\u2019op\u00e9ration.<\/p><p>Enfin, l\u2019association Samedi du partage remercie les nombreuses personnes qui se sont associ\u00e9es \u00e0 cet \u00e9lan de solidarit\u00e9 collectif en participant \u00e0 la e-recolte sur samedidupartage.ch, une possibilit\u00e9 offerte pour les retardataires jusqu\u2019au 15 d\u00e9cembre prochain.<\/p><p>La prochaine \u00e9dition du Samedi du partage aura lieu les 4 et 5 juin 2021.<\/p><p><em>Cr\u00e9dit photo\u00a0: Marina Cavazza<\/em><\/p>\t\t\t\t\t\t\t\t<\/div>\n\t\t\t\t<\/div>\n\t\t\t\t\t<\/div>\n\t\t<\/div>\n\t\t\t\t\t<\/div>\n\t\t<\/section>\n\t\t\t\t<\/div>\n\t\t","protected":false},"excerpt":{"rendered":"<p>Les Genevoises et les Genevois ont r\u00e9pondu massivement pr\u00e9sent \u00e0 l\u2019appel \u00e0 la solidarit\u00e9 lanc\u00e9 par le Samedi du partage pour sa r\u00e9colte des 27 et 28 novembre. L\u2019association engrange 275 tonnes de produits alimentaires et d\u2019articles d\u2019hygi\u00e8ne, un r\u00e9sultat en forte hausse par rapport \u00e0 novembre 2019 (+ 91 tonnes). L\u2019int\u00e9gralit\u00e9 de la r\u00e9colte [&hellip;]<\/p>\n","protected":false},"author":3,"featured_media":2441,"comment_status":"closed","ping_status":"closed","sticky":false,"template":"","format":"standard","meta":{"site-sidebar-layout":"default","site-content-layout":"default","ast-site-content-layout":"default","site-content-style":"default","site-sidebar-style":"default","ast-global-header-display":"","ast-banner-title-visibility":"","ast-main-header-display":"","ast-hfb-above-header-display":"","ast-hfb-below-header-display":"","ast-hfb-mobile-header-display":"","site-post-title":"","ast-breadcrumbs-content":"","ast-featured-img":"","footer-sml-layout":"","theme-transparent-header-meta":"default","adv-header-id-meta":"","stick-header-meta":"default","header-above-stick-meta":"","header-main-stick-meta":"","header-below-stick-meta":"","astra-migrate-meta-layouts":"default","ast-page-background-enabled":"default","ast-page-background-meta":{"desktop":{"background-color":"","background-image":"","background-repeat":"repeat","background-position":"center center","background-size":"auto","background-attachment":"scroll","background-type":"","background-media":"","overlay-type":"","overlay-color":"","overlay-opacity":"","overlay-gradient":""},"tablet":{"background-color":"","background-image":"","background-repeat":"repeat","background-position":"center center","background-size":"auto","background-attachment":"scroll","background-type":"","background-media":"","overlay-type":"","overlay-color":"","overlay-opacity":"","overlay-gradient":""},"mobile":{"background-color":"","background-image":"","background-repeat":"repeat","background-position":"center center","background-size":"auto","background-attachment":"scroll","background-type":"","background-media":"","overlay-type":"","overlay-color":"","overlay-opacity":"","overlay-gradient":""}},"ast-content-background-meta":{"desktop":{"background-color":"var(--ast-global-color-5)","background-image":"","background-repeat":"repeat","background-position":"center center","background-size":"auto","background-attachment":"scroll","background-type":"","background-media":"","overlay-type":"","overlay-color":"","overlay-opacity":"","overlay-gradient":""},"tablet":{"background-color":"var(--ast-global-color-5)","background-image":"","background-repeat":"repeat","background-position":"center center","background-size":"auto","background-attachment":"scroll","background-type":"","background-media":"","overlay-type":"","overlay-color":"","overlay-opacity":"","overlay-gradient":""},"mobile":{"background-color":"var(--ast-global-color-5)","background-image":"","background-repeat":"repeat","background-position":"center center","background-size":"auto","background-attachment":"scroll","background-type":"","background-media":"","overlay-type":"","overlay-color":"","overlay-opacity":"","overlay-gradient":""}},"footnotes":""},"categories":[29],"tags":[],"class_list":["post-11112","post","type-post","status-publish","format-standard","has-post-thumbnail","hentry","category-actualites"],"_links":{"self":[{"href":"https:\/\/www.partage.ch\/fr\/wp-json\/wp\/v2\/posts\/11112","targetHints":{"allow":["GET"]}}],"collection":[{"href":"https:\/\/www.partage.ch\/fr\/wp-json\/wp\/v2\/posts"}],"about":[{"href":"https:\/\/www.partage.ch\/fr\/wp-json\/wp\/v2\/types\/post"}],"author":[{"embeddable":true,"href":"https:\/\/www.partage.ch\/fr\/wp-json\/wp\/v2\/users\/3"}],"replies":[{"embeddable":true,"href":"https:\/\/www.partage.ch\/fr\/wp-json\/wp\/v2\/comments?post=11112"}],"version-history":[{"count":0,"href":"https:\/\/www.partage.ch\/fr\/wp-json\/wp\/v2\/posts\/11112\/revisions"}],"wp:featuredmedia":[{"embeddable":true,"href":"https:\/\/www.partage.ch\/fr\/wp-json\/wp\/v2\/media\/2441"}],"wp:attachment":[{"href":"https:\/\/www.partage.ch\/fr\/wp-json\/wp\/v2\/media?parent=11112"}],"wp:term":[{"taxonomy":"category","embeddable":true,"href":"https:\/\/www.partage.ch\/fr\/wp-json\/wp\/v2\/categories?post=11112"},{"taxonomy":"post_tag","embeddable":true,"href":"https:\/\/www.partage.ch\/fr\/wp-json\/wp\/v2\/tags?post=11112"}],"curies":[{"name":"wp","href":"https:\/\/api.w.org\/{rel}","templated":true}]}}